{"id":1524,"date":"2025-01-09T06:26:00","date_gmt":"2025-01-09T05:26:00","guid":{"rendered":"https:\/\/www.mediavea.com\/blog\/?p=1524"},"modified":"2025-01-06T15:28:20","modified_gmt":"2025-01-06T14:28:20","slug":"soldes-dhiver-2025-les-regles-que-les-commercants-doivent-respecter","status":"publish","type":"post","link":"https:\/\/www.mediavea.com\/blog\/2025\/01\/09\/soldes-dhiver-2025-les-regles-que-les-commercants-doivent-respecter\/","title":{"rendered":"Soldes d&rsquo;hiver 2025 : les r\u00e8gles que les commer\u00e7ants doivent respecter"},"content":{"rendered":"\n<p>Les soldes d&rsquo;hiver 2025 ont d\u00e9marr\u00e9 officiellement le 2 janvier en Lorraine et le 8 janvier dans le reste de la France m\u00e9tropolitaine.&nbsp;Pour les commer\u00e7ants, cette p\u00e9riode cruciale s&rsquo;accompagne d&rsquo;obligations l\u00e9gales strictes qu&rsquo;il est essentiel de v\u00e9rifier (pour les consommateurs) et de ma\u00eetriser (pour les magasins). C&rsquo;est aussi l&rsquo;occasion de diffuser des spots audio en magasin, en \u00e9tant pertinent !<\/p>\n\n\n\n<h2 class=\"wp-block-heading\" id=\"h-conditions-fondamentales-des-produits-soldes\">Conditions fondamentales des produits sold\u00e9s<\/h2>\n\n\n\n<p>Les articles mis en solde doivent imp\u00e9rativement avoir \u00e9t\u00e9 en stock et propos\u00e9s \u00e0 la vente pendant au minimum un mois avant le d\u00e9but des soldes.&nbsp;Contrairement aux promotions classiques, aucun r\u00e9approvisionnement n&rsquo;est autoris\u00e9 pendant la p\u00e9riode des soldes. C&rsquo;est une distinction importante car la p\u00e9riode vise surtout \u00e0 r\u00e9guler les surstocks. <\/p>\n\n\n\n<h2 class=\"wp-block-heading\" id=\"h-regles-d-affichage-des-prix\">R\u00e8gles d&rsquo;affichage des prix<\/h2>\n\n\n\n<p><strong>Transparence des prix<\/strong><br>L&rsquo;affichage des prix suit des r\u00e8gles pr\u00e9cises d\u00e9finies par le code de la consommation. Le prix de r\u00e9f\u00e9rence affich\u00e9 correspond au prix le plus bas pratiqu\u00e9 dans les 30 jours pr\u00e9c\u00e9dant les soldes.&nbsp;Pour les r\u00e9ductions successives, le prix de r\u00e9f\u00e9rence reste celui d&rsquo;avant la premi\u00e8re d\u00e9marque, sur toute la p\u00e9riode.<\/p>\n\n\n\n<p><strong>Distinction claire<\/strong><br>Une s\u00e9paration nette doit \u00eatre visible entre les articles sold\u00e9s et non sold\u00e9s dans le point de vente. Cela doit \u00eatre particuli\u00e8rement clair pour ne pas induire les consommateurs en erreur. <\/p>\n\n\n\n<h2 class=\"wp-block-heading\" id=\"h-spots-audio-en-magasin-pour-les-soldes\">Spots audio en magasin pour les soldes<\/h2>\n\n\n\n<p>Il est tout \u00e0 fait possible d&rsquo;utiliser les messages commerciaux ou spots audio sur sa radio in store pour informer le client des bonnes affaires \u00e0 r\u00e9aliser. Ce mode de communication est m\u00eame plut\u00f4t efficace car la radio est \u00e9cout\u00e9e par les clientes et clients en magasin. C&rsquo;est un tr\u00e8s bon d\u00e9clencheur de l&rsquo;achat. Le message doit toutefois respecter l&rsquo;ensemble des r\u00e8gles du code de la consommation (comme la transparence sur les prix).<\/p>\n\n\n\n<div class=\"wp-block-buttons is-content-justification-center is-layout-flex wp-container-core-buttons-is-layout-16018d1d wp-block-buttons-is-layout-flex\">\n<div class=\"wp-block-button\"><a class=\"wp-block-button__link has-text-align-center wp-element-button\" href=\"https:\/\/www.mediavea.com\/contact.php\">Diffusez des spots audio dans votre magasin<\/a><\/div>\n<\/div>\n\n\n\n<p>Ainsi, les spots audio en magasin constituent bien un levier marketing puissant pendant les soldes pour dynamiser les ventes et cr\u00e9er une atmosph\u00e8re d&rsquo;achat stimulante. Pour \u00eatre efficaces, ces messages doivent \u00eatre courts, percutants et diffus\u00e9s aux moments strat\u00e9giques comme les pics d&rsquo;affluence.&nbsp;<\/p>\n\n\n\n<h2 class=\"wp-block-heading\" id=\"h-quelques-regles-pour-les-spots-audio-en-magasin-pendant-les-soldes\">Quelques r\u00e8gles pour les spots audio en magasin pendant les soldes<\/h2>\n\n\n\n<p>Le contenu des spots audio en magasin doit mettre en avant les r\u00e9ductions importantes tout en respectant les mentions l\u00e9gales obligatoires, notamment la date de d\u00e9but des soldes et la nature des marchandises concern\u00e9es.&nbsp;<\/p>\n\n\n\n<p>Par ailleurs, il est recommand\u00e9 d&rsquo;alterner entre des messages informatifs sur les promotions sp\u00e9cifiques et des annonces plus g\u00e9n\u00e9rales pour orienter les clients vers les zones cl\u00e9s du magasin.&nbsp;<\/p>\n\n\n\n<p>L&rsquo;utilisation d&rsquo;une voix distinctive et d&rsquo;un ton dynamique permet de capter l&rsquo;attention des clients, tandis que l&rsquo;ajout d&rsquo;une signature sonore ou d&rsquo;une musique personnalis\u00e9e renforce l&rsquo;identit\u00e9 de la marque.&nbsp;<\/p>\n\n\n\n<p>En outre, la programmation des spots doit \u00eatre adapt\u00e9e aux diff\u00e9rents moments de la journ\u00e9e pour maximiser leur impact et inciter \u00e0 l&rsquo;action imm\u00e9diate. Il faut aussi veiller \u00e0 ne pas mettre trop de spots audio en magasin au risque de perdre en clart\u00e9 des messages et de lasser son public. <\/p>\n\n\n\n<h2 class=\"wp-block-heading\" id=\"h-droits-et-garanties-du-consommateur-autour-des-soldes\">Droits et garanties du consommateur autour des soldes<\/h2>\n\n\n\n<p><strong>Protection l\u00e9gale<\/strong><br>Les produits sold\u00e9s b\u00e9n\u00e9ficient des m\u00eames garanties l\u00e9gales que les articles \u00e0 prix normal.&nbsp;Ainsi, en cas de vice cach\u00e9, le commer\u00e7ant est tenu au remplacement ou au remboursement, c&rsquo;est une r\u00e8gle importante et il n&rsquo;est pas possible d&rsquo;y d\u00e9roger.<\/p>\n\n\n\n<p><strong>Garantie de conformit\u00e9<\/strong><br>Toutefois, si un d\u00e9faut de conformit\u00e9 est constat\u00e9 dans les deux ans suivant l&rsquo;achat, le vendeur doit proposer soit :<\/p>\n\n\n\n<ul class=\"wp-block-list\">\n<li>La r\u00e9paration du produit,<\/li>\n\n\n\n<li>Le remplacement de l&rsquo;article,<\/li>\n\n\n\n<li>Le remboursement en cas d&rsquo;impossibilit\u00e9 des deux premi\u00e8res options.<\/li>\n<\/ul>\n\n\n\n<p>Les commer\u00e7ants doivent respecter leurs engagements commerciaux concernant les \u00e9changes et remboursements, qu&rsquo;ils soient affich\u00e9s en magasin ou mentionn\u00e9s sur les tickets de caisse.<\/p>\n\n\n\n<p>Vous pouvez aussi acc\u00e9der ici pour <a href=\"https:\/\/www.service-public.fr\/particuliers\/actualites\/A17952#:~:text=Les%20soldes%20d&#039;hiver%20d%C3%A9butent,apr%C3%A8s%20le%2012%20du%20mois.\" target=\"_blank\" rel=\"noopener\">plus de d\u00e9tails sur les r\u00e8gles des soldes<\/a>.<\/p>\n\n\n\n<h2 class=\"wp-block-heading\" id=\"h-les-soldes-d-hiver-pas-a-la-bonne-periode-selon-la-cdf\">Les soldes d&rsquo;hiver : pas \u00e0 la bonne p\u00e9riode selon la CDF<\/h2>\n\n\n\n<p>La <a href=\"https:\/\/commercants-de-france.org\/communique\/repensons-les-dates-des-soldes\/\" target=\"_blank\" rel=\"noopener\">Conf\u00e9d\u00e9ration des Commer\u00e7ants de France (CDF)<\/a> pense que les soldes, moments phares du commerce, peinent \u00e0 r\u00e9pondre aux r\u00e9alit\u00e9s \u00e9conomiques et comportementales actuelles. Trop pr\u00e9coces en hiver, avec un d\u00e9but fix\u00e9 d\u00e9but janvier, et mal synchronis\u00e9es en \u00e9t\u00e9, d\u00e8s fin juin, elles p\u00e9nalisent commer\u00e7ants et consommateurs. La CDF propose donc de d\u00e9caler les soldes d\u2019hiver au dernier mercredi de janvier et celles d\u2019\u00e9t\u00e9 \u00e0 mi-juillet, pour mieux r\u00e9pondre aux besoins des consommateurs, maximiser les ventes et soutenir les commer\u00e7ants ind\u00e9pendants face aux d\u00e9fis du march\u00e9. Une r\u00e9forme essentielle pour dynamiser le commerce local et pr\u00e9server l\u2019attractivit\u00e9 des centres-villes.<\/p>\n\n\n\n<p>Et pour en lire plus sur notre blog : <\/p>\n\n\n\n<ul class=\"wp-block-yoast-seo-related-links yoast-seo-related-links\">\n<li><a href=\"https:\/\/www.mediavea.com\/blog\/2023\/10\/02\/les-regles-dor-pour-diffuser-de-la-musique-dans-votre-magasin-droits-licences-et-avantages\/\">Les r\u00e8gles d&rsquo;or pour diffuser de la musique dans votre magasin : droits, licences et avantages<\/a><\/li>\n\n\n\n<li><a href=\"https:\/\/www.mediavea.com\/blog\/2024\/04\/15\/spotify-deezer-youtube-music-pas-en-magasin-restaurant\/\">Spotify en magasin \/ resto ? Non ! (ni Deezer ou YouTube Music)<\/a><\/li>\n\n\n\n<li><a href=\"https:\/\/www.mediavea.com\/blog\/2024\/09\/23\/avantages-messages-en-magasin-pour-fideliser-la-clientele\/\">Les strat\u00e9gies efficaces de campagnes de messages en magasin<\/a><\/li>\n\n\n\n<li><a href=\"https:\/\/www.mediavea.com\/blog\/2023\/02\/03\/pourquoi-diffuser-de-la-musique-dans-un-hypermarche\/\">Pourquoi diffuser de la musique dans un hypermarch\u00e9 ?<\/a><\/li>\n\n\n\n<li><a href=\"https:\/\/www.mediavea.com\/blog\/2024\/10\/30\/shrinkflation-comment-les-marques-reduisent-les-quantites-sans-baisser-les-prix\/\">Shrinkflation : Comment les marques r\u00e9duisent les quantit\u00e9s sans baisser les prix<\/a><\/li>\n<\/ul>\n","protected":false},"excerpt":{"rendered":"<p>Les soldes d&rsquo;hiver 2025 ont d\u00e9marr\u00e9 officiellement le 2 janvier en Lorraine et le 8 janvier dans le reste de la France m\u00e9tropolitaine.&nbsp;Pour les commer\u00e7ants,&hellip; <\/p>\n","protected":false},"author":2,"featured_media":1525,"comment_status":"closed","ping_status":"open","sticky":false,"template":"","format":"standard","meta":{"footnotes":""},"categories":[221],"tags":[29,53,253,254],"class_list":["post-1524","post","type-post","status-publish","format-standard","has-post-thumbnail","hentry","category-actualites-du-commerce","tag-magasin","tag-marketing-sonore","tag-soldes","tag-spots-audio"],"_links":{"self":[{"href":"https:\/\/www.mediavea.com\/blog\/wp-json\/wp\/v2\/posts\/1524","targetHints":{"allow":["GET"]}}],"collection":[{"href":"https:\/\/www.mediavea.com\/blog\/wp-json\/wp\/v2\/posts"}],"about":[{"href":"https:\/\/www.mediavea.com\/blog\/wp-json\/wp\/v2\/types\/post"}],"author":[{"embeddable":true,"href":"https:\/\/www.mediavea.com\/blog\/wp-json\/wp\/v2\/users\/2"}],"replies":[{"embeddable":true,"href":"https:\/\/www.mediavea.com\/blog\/wp-json\/wp\/v2\/comments?post=1524"}],"version-history":[{"count":2,"href":"https:\/\/www.mediavea.com\/blog\/wp-json\/wp\/v2\/posts\/1524\/revisions"}],"predecessor-version":[{"id":1532,"href":"https:\/\/www.mediavea.com\/blog\/wp-json\/wp\/v2\/posts\/1524\/revisions\/1532"}],"wp:featuredmedia":[{"embeddable":true,"href":"https:\/\/www.mediavea.com\/blog\/wp-json\/wp\/v2\/media\/1525"}],"wp:attachment":[{"href":"https:\/\/www.mediavea.com\/blog\/wp-json\/wp\/v2\/media?parent=1524"}],"wp:term":[{"taxonomy":"category","embeddable":true,"href":"https:\/\/www.mediavea.com\/blog\/wp-json\/wp\/v2\/categories?post=1524"},{"taxonomy":"post_tag","embeddable":true,"href":"https:\/\/www.mediavea.com\/blog\/wp-json\/wp\/v2\/tags?post=1524"}],"curies":[{"name":"wp","href":"https:\/\/api.w.org\/{rel}","templated":true}]}}