{"id":1527,"date":"2025-01-16T07:01:00","date_gmt":"2025-01-16T06:01:00","guid":{"rendered":"https:\/\/www.mediavea.com\/blog\/?p=1527"},"modified":"2025-01-06T15:19:29","modified_gmt":"2025-01-06T14:19:29","slug":"bilan-2024-du-marche-du-textile-en-france-transformation-en-profondeur","status":"publish","type":"post","link":"https:\/\/www.mediavea.com\/blog\/2025\/01\/16\/bilan-2024-du-marche-du-textile-en-france-transformation-en-profondeur\/","title":{"rendered":"Bilan 2024 du march\u00e9 du textile en France : transformation en profondeur"},"content":{"rendered":"\n<p>Le march\u00e9 du <strong>textile en France<\/strong> termine l\u2019ann\u00e9e 2024 dans une relative stabilit\u00e9, tout en refl\u00e9tant de profonds changements dans les habitudes de consommation. D\u00e9couvrez les chiffres cl\u00e9s et les tendances qui redessinent les contours de ce secteur strat\u00e9gique.<\/p>\n\n\n\n<h3 class=\"wp-block-heading\" id=\"h-performance-globale-une-stabilite-trompeuse\"><strong>Performance globale : une stabilit\u00e9 trompeuse<\/strong><\/h3>\n\n\n\n<p>En 2024, selon <a href=\"https:\/\/www.lsa-conso.fr\/textile-des-ventes-stables-sur-les-11-premiers-mois-de-2024,458707\" target=\"_blank\" rel=\"noopener\">LSA<\/a>, le march\u00e9 du textile en France a enregistr\u00e9 une progression modeste de <strong>0,1% en valeur<\/strong> sur les onze premiers mois de l&rsquo;ann\u00e9e. Cette stabilit\u00e9 apparente cache une baisse de <strong>0,5% \u00e0 prix constants<\/strong>, compens\u00e9e par une inflation ma\u00eetris\u00e9e de <strong>0,6% sur les prix<\/strong>, bien en de\u00e7\u00e0 des <strong>3% de 2023<\/strong>.<\/p>\n\n\n\n<h3 class=\"wp-block-heading\" id=\"h-canaux-de-distribution-l-essor-physique-face-au-declin-digital\"><strong>Canaux de distribution : L\u2019essor physique face au d\u00e9clin digital<\/strong><\/h3>\n\n\n\n<h4 class=\"wp-block-heading\" id=\"h-magasins-physiques-vs-e-commerce\"><strong>Magasins physiques vs e-commerce<\/strong><\/h4>\n\n\n\n<p>Alors que les ventes physiques ont connu un rebond de <strong>+3% en novembre 2024<\/strong>, le <strong>e-commerce<\/strong> a recul\u00e9 de <strong>6,2%<\/strong>. Cependant, les ventes en ligne restent <strong>25% sup\u00e9rieures \u00e0 celles de 2019<\/strong>, confirmant une transformation durable des comportements d&rsquo;achat.<\/p>\n\n\n\n<h4 class=\"wp-block-heading\" id=\"h-performance-par-type-de-commerce\"><strong>Performance par type de commerce<\/strong><\/h4>\n\n\n\n<ul class=\"wp-block-list\">\n<li><strong>Grands magasins et magasins populaires<\/strong> : progression remarquable de <strong>+6,1%<\/strong>.<\/li>\n\n\n\n<li><strong>Hypermarch\u00e9s et supermarch\u00e9s<\/strong> : recul marqu\u00e9 de <strong>-9,2%<\/strong>, t\u00e9moignant d\u2019un essoufflement sur ce canal.<\/li>\n<\/ul>\n\n\n\n<h3 class=\"wp-block-heading\" id=\"h-boostez-l-ambiance-musicale-dans-les-magasins-de-textile\"><strong>Boostez l&rsquo;ambiance musicale dans les magasins de textile<\/strong><\/h3>\n\n\n\n<p>Chez Mediavea, nous transformons votre r\u00e9seau de points de vente en un v\u00e9ritable levier de diff\u00e9renciation gr\u00e2ce \u00e0 nos <a href=\"https:\/\/www.mediavea.com\/radio-instore.php\">solutions de <strong>radio in-store<\/strong><\/a> et de <strong>d&rsquo;<a href=\"https:\/\/www.mediavea.com\/affichage-dynamique.php\">affichage dynamique<\/a><\/strong>. En int\u00e9grant des exp\u00e9riences sonores personnalis\u00e9es et des strat\u00e9gies de communication cibl\u00e9es, les acteurs du textile renforcent leur image de marque, captent l\u2019attention des clients et les fid\u00e9lisent.<\/p>\n\n\n\n<h3 class=\"wp-block-heading\" id=\"h-perspectives-et-comparaison-du-marche-textile-en-france-avec-2019\"><strong>Perspectives et comparaison du march\u00e9 textile en France avec 2019<\/strong><\/h3>\n\n\n\n<p>Malgr\u00e9 une adaptation du secteur, le march\u00e9 du textile affiche toujours une contraction de <strong>7% en valeur<\/strong> par rapport \u00e0 2019. Cette tendance touche la majorit\u00e9 des circuits de distribution, \u00e0 l\u2019exception des <strong>cha\u00eenes de grande diffusion<\/strong>, qui r\u00e9sistent mieux gr\u00e2ce \u00e0 leur flexibilit\u00e9 et leur attractivit\u00e9.<\/p>\n\n\n\n<h3 class=\"wp-block-heading\" id=\"h-vers-un-textile-plus-resilient-et-innovant\"><strong>Vers un textile plus r\u00e9silient et innovant<\/strong><\/h3>\n\n\n\n<p>Ces chiffres soulignent une transformation profonde du secteur textile en France, o\u00f9 <strong>l\u2019adaptation aux nouveaux comportements d\u2019achat<\/strong>, la diversification des canaux, et une <strong>exp\u00e9rience client omnicanale<\/strong> deviennent les leviers indispensables pour la r\u00e9silience et la croissance.<\/p>\n\n\n\n<h3 class=\"wp-block-heading\" id=\"h-pourquoi-ce-bilan-est-crucial-pour-le-marche-du-textile-en-france-en-2025\"><strong>Pourquoi ce bilan est crucial pour le march\u00e9 du textile en France en 2025<\/strong> <\/h3>\n\n\n\n<p>Les enseignements de 2024 permettent de tracer des pistes strat\u00e9giques pour mieux appr\u00e9hender les attentes des consommateurs. Avec un march\u00e9 en constante mutation, les acteurs doivent conjuguer innovation et r\u00e9activit\u00e9 pour rester comp\u00e9titifs.<\/p>\n\n\n\n<p>Pour en lire plus sur notre blog : <\/p>\n\n\n\n<ul class=\"wp-block-yoast-seo-related-links yoast-seo-related-links\">\n<li><a href=\"https:\/\/www.mediavea.com\/blog\/2016\/08\/29\/du-web-au-point-de-vente-quelle-experience-en-magasin\/\">Du web au point de vente : quelle exp\u00e9rience en magasin ?<\/a><\/li>\n\n\n\n<li><a href=\"https:\/\/www.mediavea.com\/blog\/2019\/09\/12\/quel-avenir-pour-le-retail-le-point-sur-les-nouvelles-tendances\/\">Quel avenir pour le retail ? Le point sur les nouvelles tendances<\/a><\/li>\n\n\n\n<li><a href=\"https:\/\/www.mediavea.com\/blog\/2024\/09\/30\/le-succes-fulgurant-de-carrefour-city-a-la-gare-saint-lazare-le-commerce-de-flux\/\">Le succ\u00e8s fulgurant de Carrefour City \u00e0 la gare Saint-Lazare : le commerce de flux<\/a><\/li>\n\n\n\n<li><a href=\"https:\/\/www.mediavea.com\/blog\/2024\/10\/10\/hm-pre-loved-la-mode-durable-redebarque-en-france-et-en-belgique\/\">H&amp;M Pr\u00e9-Loved : la mode durable red\u00e9barque en France et en Belgique<\/a><\/li>\n\n\n\n<li><a href=\"https:\/\/www.mediavea.com\/blog\/2024\/12\/09\/bilan-du-black-friday-2024-dans-la-distribution-francaise\/\">Bilan du Black Friday 2024 dans la distribution fran\u00e7aise<\/a><\/li>\n<\/ul>\n","protected":false},"excerpt":{"rendered":"<p>Le march\u00e9 du textile en France termine l\u2019ann\u00e9e 2024 dans une relative stabilit\u00e9, tout en refl\u00e9tant de profonds changements dans les habitudes de consommation. D\u00e9couvrez&hellip; <\/p>\n","protected":false},"author":2,"featured_media":1528,"comment_status":"closed","ping_status":"open","sticky":false,"template":"","format":"standard","meta":{"footnotes":""},"categories":[221],"tags":[256,53,255],"class_list":["post-1527","post","type-post","status-publish","format-standard","has-post-thumbnail","hentry","category-actualites-du-commerce","tag-marche","tag-marketing-sonore","tag-textile"],"_links":{"self":[{"href":"https:\/\/www.mediavea.com\/blog\/wp-json\/wp\/v2\/posts\/1527","targetHints":{"allow":["GET"]}}],"collection":[{"href":"https:\/\/www.mediavea.com\/blog\/wp-json\/wp\/v2\/posts"}],"about":[{"href":"https:\/\/www.mediavea.com\/blog\/wp-json\/wp\/v2\/types\/post"}],"author":[{"embeddable":true,"href":"https:\/\/www.mediavea.com\/blog\/wp-json\/wp\/v2\/users\/2"}],"replies":[{"embeddable":true,"href":"https:\/\/www.mediavea.com\/blog\/wp-json\/wp\/v2\/comments?post=1527"}],"version-history":[{"count":1,"href":"https:\/\/www.mediavea.com\/blog\/wp-json\/wp\/v2\/posts\/1527\/revisions"}],"predecessor-version":[{"id":1529,"href":"https:\/\/www.mediavea.com\/blog\/wp-json\/wp\/v2\/posts\/1527\/revisions\/1529"}],"wp:featuredmedia":[{"embeddable":true,"href":"https:\/\/www.mediavea.com\/blog\/wp-json\/wp\/v2\/media\/1528"}],"wp:attachment":[{"href":"https:\/\/www.mediavea.com\/blog\/wp-json\/wp\/v2\/media?parent=1527"}],"wp:term":[{"taxonomy":"category","embeddable":true,"href":"https:\/\/www.mediavea.com\/blog\/wp-json\/wp\/v2\/categories?post=1527"},{"taxonomy":"post_tag","embeddable":true,"href":"https:\/\/www.mediavea.com\/blog\/wp-json\/wp\/v2\/tags?post=1527"}],"curies":[{"name":"wp","href":"https:\/\/api.w.org\/{rel}","templated":true}]}}