{"id":153,"date":"2006-02-03T08:29:12","date_gmt":"2006-02-03T08:29:12","guid":{"rendered":"http:\/\/www.sensoblog.com\/wordpress\/?p=153"},"modified":"2006-02-03T08:29:12","modified_gmt":"2006-02-03T08:29:12","slug":"2006020367-la-boutique-performante-du-2-au-5-fevrier-2006-au-salon-du-pret-a-porter-paris-paris-expo-porte-de-versailles","status":"publish","type":"post","link":"https:\/\/www.mediavea.com\/blog\/2006\/02\/03\/2006020367-la-boutique-performante-du-2-au-5-fevrier-2006-au-salon-du-pret-a-porter-paris-paris-expo-porte-de-versailles\/","title":{"rendered":"La Boutique Performante du 2 au 5 f\u00e9vrier 2006 au salon du Pr\u00eat-\u00e0-Porter Paris, Paris Expo Porte de Versailles"},"content":{"rendered":"<p>V\u00e9ritable \u00ab bo\u00eete \u00e0 outils \u00bb au service du d\u00e9taillant multimarque ind\u00e9pendant, la Boutique Performante vous invite du 2 au 5 f\u00e9vrier 2006 dans un espace p\u00e9dagogique et ludique. L\u2019acc\u00e8s est gratuit pour tous les visiteurs du salon.<br \/>\n<!--more--><br \/>\nDerri\u00e8re les vitrines de cette nouvelle Boutique, vous pourrez assister \u00e0 un programme d&rsquo;ateliers, de conf\u00e9rences et de d\u00e9monstrations de mat\u00e9riels, sur les quatre th\u00e8mes chers \u00e0 la Boutique Performante : <\/p>\n<ul>\n<li>Savoir Vendre,\n<li>Savoir Acheter,\n<li>Savoir Animer,\n<li>Savoir Agencer. <\/ul>\n<p> Ces th\u00e8mes sont d\u00e9velopp\u00e9s dans le cadre d\u2019un partenariat avec le sp\u00e9cialiste Merchanfeeling. Ce partenariat a permis de cr\u00e9er un espace d\u2019information, de formation et d\u2019\u00e9changes \u00e0 la pointe des nouveaux concepts, des nouvelles techniques et de leurs applications. Vitrine de savoir-faire et d\u2019innovation, il englobe tous les aspects permettant de cr\u00e9er un point de vente performant : la conception de projet, l\u2019architecture du magasin, l\u2019agencement int\u00e9rieur, mais aussi le design du mobilier, la cr\u00e9ation des pr\u00e9sentoirs et des vitrines et la valorisation des produits. Peut \u00eatre pouvez vous aller y faire un tour ? Si vous avez des infos ou des commentaires, n&rsquo;h\u00e9sitez pas ! <\/p>\n<p> Pour plus d&rsquo;informations : <a href=\"http:\/\/www.boutiqueperformante.com\" target=\"_blank\" rel=\"noopener\">La Boutique Performante<\/a>.<\/p>\n","protected":false},"excerpt":{"rendered":"<p>V\u00e9ritable \u00ab bo\u00eete \u00e0 outils \u00bb au service du d\u00e9taillant multimarque ind\u00e9pendant, la Boutique Performante vous invite du 2 au 5 f\u00e9vrier 2006 dans un espace p\u00e9dagogique et ludique. L\u2019acc\u00e8s est gratuit pour tous les visiteurs du salon.<\/p>\n","protected":false},"author":2,"featured_media":0,"comment_status":"open","ping_status":"open","sticky":false,"template":"","format":"standard","meta":{"footnotes":""},"categories":[2],"tags":[],"class_list":["post-153","post","type-post","status-publish","format-standard","hentry","category-merchandising-ambiances-magasins"],"_links":{"self":[{"href":"https:\/\/www.mediavea.com\/blog\/wp-json\/wp\/v2\/posts\/153","targetHints":{"allow":["GET"]}}],"collection":[{"href":"https:\/\/www.mediavea.com\/blog\/wp-json\/wp\/v2\/posts"}],"about":[{"href":"https:\/\/www.mediavea.com\/blog\/wp-json\/wp\/v2\/types\/post"}],"author":[{"embeddable":true,"href":"https:\/\/www.mediavea.com\/blog\/wp-json\/wp\/v2\/users\/2"}],"replies":[{"embeddable":true,"href":"https:\/\/www.mediavea.com\/blog\/wp-json\/wp\/v2\/comments?post=153"}],"version-history":[{"count":0,"href":"https:\/\/www.mediavea.com\/blog\/wp-json\/wp\/v2\/posts\/153\/revisions"}],"wp:attachment":[{"href":"https:\/\/www.mediavea.com\/blog\/wp-json\/wp\/v2\/media?parent=153"}],"wp:term":[{"taxonomy":"category","embeddable":true,"href":"https:\/\/www.mediavea.com\/blog\/wp-json\/wp\/v2\/categories?post=153"},{"taxonomy":"post_tag","embeddable":true,"href":"https:\/\/www.mediavea.com\/blog\/wp-json\/wp\/v2\/tags?post=153"}],"curies":[{"name":"wp","href":"https:\/\/api.w.org\/{rel}","templated":true}]}}