{"id":1654,"date":"2025-10-17T17:05:29","date_gmt":"2025-10-17T15:05:29","guid":{"rendered":"https:\/\/www.mediavea.com\/blog\/?p=1654"},"modified":"2025-10-17T17:05:30","modified_gmt":"2025-10-17T15:05:30","slug":"bilan-france-design-week-2025-inspirations-et-bilan-pour-la-transformation-sensorielle-du-retail","status":"publish","type":"post","link":"https:\/\/www.mediavea.com\/blog\/2025\/10\/17\/bilan-france-design-week-2025-inspirations-et-bilan-pour-la-transformation-sensorielle-du-retail\/","title":{"rendered":"Bilan France Design Week 2025 : inspirations et bilan pour la transformation sensorielle du retail"},"content":{"rendered":"\n<p>Du 12 au 30 septembre 2025, la France Design Week a f\u00e9d\u00e9r\u00e9 la sc\u00e8ne du design hexagonal autour d\u2019une conviction phare : le \u00ab Design Utile \u00bb comme levier de transformation et d\u2019engagement. Cette th\u00e9matique, fil rouge de l\u2019\u00e9dition, traduit l\u2019ambition de replacer le design au c\u0153ur des grands enjeux contemporains, durabilit\u00e9, exp\u00e9rience v\u00e9cue, inclusion, et innovation sensorielle, des valeurs qui animent \u00e9galement Mediavea dans ses missions quotidiennes en radio in store et affichage dynamique.\u200b<\/p>\n\n\n\n<h2 class=\"wp-block-heading\" id=\"h-un-panorama-d-innovations-partout-en-france\">Un panorama d\u2019innovations partout en France<\/h2>\n\n\n\n<p>Cette \u00e9dition 2025 a battu des records d\u2019engagement avec plus de 700 \u00e9v\u00e9nements sur tout le territoire. Ateliers immersifs, expositions multisensorielles, collaborations entre designers, artisans et entreprises\u202f: l\u2019objectif \u00e9tait clair, montrer un design qui fait sens, qui change l\u2019exp\u00e9rience quotidienne et la fa\u00e7on dont on per\u00e7oit les espaces commerciaux, publics ou culturels. Parmi les temps forts\u202f:<a rel=\"noreferrer noopener\" target=\"_blank\" href=\"https:\/\/francedesignweek.fr\/ledition-2025\/\"><\/a>\u200b<\/p>\n\n\n\n<ul class=\"wp-block-list\">\n<li><strong>\u00c0 Paris<\/strong>, la Design Week a transform\u00e9 375 lieux, de showrooms en galeries, en laboratoires d\u2019exp\u00e9rimentations visuelles et sonores. Les parcours sensoriels ont permis aux visiteurs \u2013 retailers et marques en t\u00eate \u2013 de sentir la puissance du digital, du sonore et du tactile pour r\u00e9inventer le lien client.<\/li>\n\n\n\n<li><strong>\u00c0 Tours<\/strong>, l\u2019H\u00f4tel Go\u00fcin s\u2019est mu\u00e9 en quartier g\u00e9n\u00e9ral du design utile, mixant sc\u00e9nographies lumineuses, exp\u00e9riences culinaires et r\u00e9flexion \u00e9cologique, posant la question\u202f: comment cr\u00e9er une empreinte m\u00e9morable et responsable dans tout environnement physique\u202f?<\/li>\n\n\n\n<li><strong>\u00c0 Strasbourg<\/strong>, l\u2019ECV a accueilli la cl\u00f4ture de l\u2019\u00e9v\u00e9nement autour de la jeunesse, l\u2019exp\u00e9rimentation et l\u2019innovation en partenariat avec des acteurs du retail, des agences de design et des \u00e9coles, tout en mettant \u00e0 l\u2019honneur le design comme vecteur d\u2019int\u00e9gration professionnelle.<a href=\"https:\/\/francedesignweek.fr\/actualites\/lecv-strasbourg-accueille-la-cloture-de-france-design-week-2025\/\" target=\"_blank\" rel=\"noreferrer noopener\"><\/a>\u200b<\/li>\n<\/ul>\n\n\n\n<h2 class=\"wp-block-heading\" id=\"h-le-design-utile-de-la-fdw-2025-adn-de-mediavea\">Le \u00ab Design utile \u00bb de la FDW 2025, ADN de Mediavea<\/h2>\n\n\n\n<p>Le c\u0153ur de la France Design Week 2025 vibrait au rythme de l\u2019exp\u00e9rientiel, du sensoriel et de l\u2019\u00e9cosyst\u00e8me retail, le design \u00ab\u00a0utile\u00a0\u00bb pour les magasins. Pour Mediavea, cette vision fait partie de l\u2019ADN\u202fde notre activit\u00e9 au quotidien :<\/p>\n\n\n\n<ul class=\"wp-block-list\">\n<li><strong>Affichage dynamique et retail media<\/strong>\u202f: Loin d\u2019\u00eatre un simple gadget technologique, l\u2019affichage dynamique, pilier de tr\u00e8s efficace de l\u2019activation sensorielle, s\u2019est impos\u00e9 lors de la Design Week comme le m\u00e9dia strat\u00e9gique pour capturer l\u2019attention et enrichir le parcours d\u2019achat. \u200b<\/li>\n\n\n\n<li><strong>Sound design et immersion<\/strong>\u202f: Plusieurs installations ou boutiques \u00e9ph\u00e9m\u00e8res de la FDW 2025 ont mis en lumi\u00e8re le pouvoir du design sonore et de l\u2019ambiance immersive sur la perception du lieu et l\u2019image de marque. Ces expertises sont \u00e9galement celles port\u00e9es par Mediavea aupr\u00e8s des retailers, banques ou partenaires culturels.<\/li>\n\n\n\n<li><strong>Accompagnement sur-mesure<\/strong>\u202f: Des ateliers de co-cr\u00e9ation ont d\u00e9montr\u00e9 les synergies entre acteurs du design, du retail et de la transformation digitale. C&rsquo;est aussi cette capacit\u00e9 de Mediavea \u00e0 r\u00e9unir autour de la table les talents compl\u00e9mentaires pour cr\u00e9er des exp\u00e9riences clients m\u00e9morables et responsables qui est salu\u00e9e par nos clients. <\/li>\n<\/ul>\n\n\n\n<h2 class=\"wp-block-heading\" id=\"h-pourquoi-s-inspirer-de-la-france-design-week\">Pourquoi s\u2019inspirer de la France Design Week \u202f?<\/h2>\n\n\n\n<p>La France Design Week 2025 agit comme un laboratoire d\u2019id\u00e9es pour toutes les enseignes d\u00e9sireuses de repenser l\u2019exp\u00e9rience client par le prisme du sensoriel, du digital et du durable. <\/p>\n\n\n\n<p>L&rsquo;\u00e9dition de 2025 a connu un succ\u00e8s d\u2019affluence remarquable avec plus de 215\u202f000 visiteurs r\u00e9partis sur tout le territoire, confirmant ainsi la place centrale de l\u2019\u00e9v\u00e9nement dans l\u2019agenda culturel et professionnel du design en France. Cette fr\u00e9quentation record traduit l\u2019int\u00e9r\u00eat croissant des professionnels du retail, des \u00e9tudiants, des artisans et du grand public pour un design porteur de solutions, d\u2019innovation et de transformations soci\u00e9tales concr\u00e8tes.<a href=\"https:\/\/www.intramuros.fr\/blog\/france-design-week-lancement-de-la-6e-edition\" target=\"_blank\" rel=\"noreferrer noopener\"><\/a>\u200b<\/p>\n\n\n\n<p>Parmi les moments phares de l\u2019\u00e9dition, la Nuit du Design organis\u00e9e \u00e0 Saint-\u00c9tienne a marqu\u00e9 les esprits\u2006: ce rendez-vous a rassembl\u00e9 designers, cr\u00e9atifs et industriels lors de nocturnes festives autour d\u2019installations immersives, d\u2019ateliers collaboratifs et d\u2019exp\u00e9rimentations sensibles sur l\u2019espace public. V\u00e9ritable laboratoire \u00e9ph\u00e9m\u00e8re, cette Nuit du Design a d\u00e9montr\u00e9 concr\u00e8tement comment les exp\u00e9riences sensorielles et l\u2019innovation en retail peuvent fa\u00e7onner de nouveaux usages, renforcer le lien social et renouveler les pratiques commerciales<\/p>\n\n\n\n<p><strong>Vous souhaitez transformer vos espaces et maximiser l\u2019engagement gr\u00e2ce \u00e0 l\u2019innovation sensorielle\u202f?<\/strong><br>Rendez-vous d\u00e8s <a href=\"https:\/\/www.mediavea.com\/contact.php\">maintenant sur mediavea.com pour explorer toutes nos solutions ou contactez-nous<\/a> pour \u00e9changer sur votre projet\u202f!<\/p>\n\n\n\n<p>Pour explorer plus en avant sur un th\u00e8me similaire : <\/p>\n\n\n\n<ul class=\"wp-block-yoast-seo-related-links yoast-seo-related-links\">\n<li><a href=\"https:\/\/www.mediavea.com\/blog\/2016\/09\/15\/paris-retail-week-2016-le-bilan\/\">Paris Retail Week 2016 : le bilan<\/a><\/li>\n\n\n\n<li><a href=\"https:\/\/www.mediavea.com\/blog\/2024\/10\/18\/villeroy-boch-275-ans-dinnovation-et-delegance-dans-lart-de-vivre\/\">Villeroy &amp; Boch : 275 ans d&rsquo;innovation et d&rsquo;\u00e9l\u00e9gance dans l&rsquo;art de vivre<\/a><\/li>\n\n\n\n<li><a href=\"https:\/\/www.mediavea.com\/blog\/2025\/06\/20\/paris-music-week-2025-mediavea-soutient-lexperience-musicale\/\">Paris Music Week 2025 : Mediavea soutient l\u2019exp\u00e9rience musicale<\/a><\/li>\n\n\n\n<li><a href=\"https:\/\/www.mediavea.com\/blog\/2014\/11\/19\/enquete-marketing-sensoriel-de-points-de-vente\/\">Enqu\u00eate Marketing Sensoriel de Points de Vente<\/a><\/li>\n\n\n\n<li><a href=\"https:\/\/www.mediavea.com\/blog\/2024\/03\/11\/marketing-sensoriel-du-point-de-vente-pour-doper-les-ventes\/\">Marketing sensoriel du point de vente pour d\u00e9velopper les ventes en magasins<\/a><\/li>\n<\/ul>\n","protected":false},"excerpt":{"rendered":"<p>Du 12 au 30 septembre 2025, la France Design Week a f\u00e9d\u00e9r\u00e9 la sc\u00e8ne du design hexagonal autour d\u2019une conviction phare : le \u00ab Design&hellip; <\/p>\n","protected":false},"author":2,"featured_media":1655,"comment_status":"closed","ping_status":"open","sticky":false,"template":"","format":"standard","meta":{"footnotes":""},"categories":[221],"tags":[267],"class_list":["post-1654","post","type-post","status-publish","format-standard","has-post-thumbnail","hentry","category-actualites-du-commerce","tag-france-design-week"],"_links":{"self":[{"href":"https:\/\/www.mediavea.com\/blog\/wp-json\/wp\/v2\/posts\/1654","targetHints":{"allow":["GET"]}}],"collection":[{"href":"https:\/\/www.mediavea.com\/blog\/wp-json\/wp\/v2\/posts"}],"about":[{"href":"https:\/\/www.mediavea.com\/blog\/wp-json\/wp\/v2\/types\/post"}],"author":[{"embeddable":true,"href":"https:\/\/www.mediavea.com\/blog\/wp-json\/wp\/v2\/users\/2"}],"replies":[{"embeddable":true,"href":"https:\/\/www.mediavea.com\/blog\/wp-json\/wp\/v2\/comments?post=1654"}],"version-history":[{"count":1,"href":"https:\/\/www.mediavea.com\/blog\/wp-json\/wp\/v2\/posts\/1654\/revisions"}],"predecessor-version":[{"id":1656,"href":"https:\/\/www.mediavea.com\/blog\/wp-json\/wp\/v2\/posts\/1654\/revisions\/1656"}],"wp:featuredmedia":[{"embeddable":true,"href":"https:\/\/www.mediavea.com\/blog\/wp-json\/wp\/v2\/media\/1655"}],"wp:attachment":[{"href":"https:\/\/www.mediavea.com\/blog\/wp-json\/wp\/v2\/media?parent=1654"}],"wp:term":[{"taxonomy":"category","embeddable":true,"href":"https:\/\/www.mediavea.com\/blog\/wp-json\/wp\/v2\/categories?post=1654"},{"taxonomy":"post_tag","embeddable":true,"href":"https:\/\/www.mediavea.com\/blog\/wp-json\/wp\/v2\/tags?post=1654"}],"curies":[{"name":"wp","href":"https:\/\/api.w.org\/{rel}","templated":true}]}}