{"id":1681,"date":"2026-01-19T07:16:00","date_gmt":"2026-01-19T06:16:00","guid":{"rendered":"https:\/\/www.mediavea.com\/blog\/?p=1681"},"modified":"2026-01-17T09:27:26","modified_gmt":"2026-01-17T08:27:26","slug":"la-semaine-du-son-2026-pourquoi-lambiance-sonore-de-vos-magasins-est-un-enjeu-strategique","status":"publish","type":"post","link":"https:\/\/www.mediavea.com\/blog\/2026\/01\/19\/la-semaine-du-son-2026-pourquoi-lambiance-sonore-de-vos-magasins-est-un-enjeu-strategique\/","title":{"rendered":"La Semaine du Son 2026 : pourquoi l&rsquo;ambiance sonore de vos magasins est un enjeu strat\u00e9gique ?"},"content":{"rendered":"\n<p><strong>Du 19 janvier au 1er f\u00e9vrier 2026, la 23\u00e8me \u00e9dition de La Semaine du Son de l&rsquo;UNESCO placera la th\u00e9matique \u00ab Son &amp; Innovations \u00bb au c\u0153ur des d\u00e9bats. Pour les acteurs du retail et de la gestion d&rsquo;espaces publics, cet \u00e9v\u00e9nement est une opportunit\u00e9 majeure de comprendre comment une strat\u00e9gie audio ma\u00eetris\u00e9e (radio in-store, design sonore) impacte directement l&rsquo;exp\u00e9rience client et la performance commerciale.<\/strong><\/p>\n\n\n\n<h2 class=\"wp-block-heading\" id=\"h-le-son-levier-economique-de-40-milliards-d-euros\">Le son : levier \u00e9conomique de 40 milliards d&rsquo;euros<\/h2>\n\n\n\n<p>Il est temps de ne plus consid\u00e9rer la musique en magasin comme un simple fond sonore. Pascal Lamy, parrain de cette \u00e9dition et ancien directeur g\u00e9n\u00e9ral de l&rsquo;OMC, le rappellera lors de l&rsquo;ouverture : le son repr\u00e9sente un poids \u00e9conomique annuel estim\u00e9 \u00e0 <strong>40 milliards d&rsquo;euros en France<\/strong>. Pour Mediavea, ce chiffre confirme une r\u00e9alit\u00e9 terrain : l&rsquo;ambiance sonore est un vecteur essentiel de la vie \u00e9conomique et sociale . Une radio d&rsquo;enseigne bien pens\u00e9e ne se contente pas d&rsquo;habiller le silence. Elle cr\u00e9e une identit\u00e9, renforce l&rsquo;image de marque et favorise l&rsquo;acte d&rsquo;achat.<\/p>\n\n\n\n<h2 class=\"wp-block-heading\" id=\"h-confort-acoustique-concevoir-des-atmospheres-a-ecouter\">Confort acoustique : concevoir des \u00ab atmosph\u00e8res \u00e0 \u00e9couter \u00bb<\/h2>\n\n\n\n<p>L&rsquo;un des piliers de La Semaine du Son est l&rsquo;<strong>environnement sonore<\/strong> . La charte de l&rsquo;\u00e9v\u00e9nement insiste sur la n\u00e9cessit\u00e9 de \u00ab concevoir des atmosph\u00e8res \u00e0 \u00e9couter \u00bb. Il faut ma\u00eetriser l&rsquo;acoustique des espaces pour le mieux-vivre ensemble .<\/p>\n\n\n\n<p>Pour vos points de vente, cela signifie deux choses :<\/p>\n\n\n\n<ol start=\"1\" class=\"wp-block-list\">\n<li><strong>L&rsquo;isolation et le traitement :<\/strong> Des experts comme Saint-Gobain interviendront sur l&rsquo;importance du confort acoustique dans la construction et la r\u00e9novation . Un magasin bruyant ou r\u00e9verb\u00e9rant fait fuir le client et fatigue les \u00e9quipes.<\/li>\n\n\n\n<li><strong>La diffusion homog\u00e8ne :<\/strong> La charte recommande de privil\u00e9gier la \u00ab multidiffusion \u00bb (plusieurs points de diffusion \u00e0 volume mod\u00e9r\u00e9) plut\u00f4t qu&rsquo;une source unique trop forte. Cela permet d&rsquo;obtenir une meilleure homog\u00e9n\u00e9it\u00e9. C&rsquo;est exactement l&rsquo;expertise technique que Mediavea d\u00e9ploie pour garantir un confort d&rsquo;\u00e9coute optimal dans vos rayons avec ses <a href=\"https:\/\/www.mediavea.com\/radio-instore.php\">solutions de radio in store<\/a>.<\/li>\n<\/ol>\n\n\n\n<h2 class=\"wp-block-heading\" id=\"h-qualite-de-diffusion-fin-de-la-guerre-du-volume\">Qualit\u00e9 de diffusion : fin de la \u00ab\u00a0guerre du volume\u00a0\u00bb<\/h2>\n\n\n\n<p>Avez-vous d\u00e9j\u00e0 ressenti une fatigue auditive dans un centre commercial ? C&rsquo;est souvent d\u00fb \u00e0 une surcompression du son. La charte de La Semaine du Son pointe du doigt cette compression dynamique qui habitue \u00e0 une \u00e9coute \u00ab sans nuance \u00bb et agressive .<\/p>\n\n\n\n<p>L&rsquo;\u00e9dition 2026 mettra en avant :<\/p>\n\n\n\n<ul class=\"wp-block-list\">\n<li><strong>Un label qualit\u00e9 sonore :<\/strong> Un projet soutenu scientifiquement pour garantir l&rsquo;absence de compression excessive et le respect de la dynamique musicale.<\/li>\n\n\n\n<li><strong>L&rsquo;excellence sonore :<\/strong> Une soir\u00e9e \u00e0 la Philharmonie de Paris, en partenariat avec L-Acoustics, explorera comment la spatialisation et la dynamique d\u00e9finissent la qualit\u00e9 de l&rsquo;exp\u00e9rience, qu&rsquo;elle soit enregistr\u00e9e ou live .<\/li>\n<\/ul>\n\n\n\n<p>Chez Mediavea, nous militons pour cette qualit\u00e9. Votre radio in-store doit offrir une respiration \u00e0 vos clients, pas les saturer d&rsquo;informations agressives. C&rsquo;est cette d\u00e9marche qualitative qui aura un effet positif sur votre business.<\/p>\n\n\n\n<h2 class=\"wp-block-heading\" id=\"h-innovation-l-ia-au-service-de-votre-radio-d-enseigne\">Innovation : L&rsquo;IA au service de votre radio d&rsquo;enseigne ?<\/h2>\n\n\n\n<p>Sous le th\u00e8me \u00ab Son &amp; Innovations \u00bb , l&rsquo;UNESCO accueillera des d\u00e9bats sur l&rsquo;Intelligence Artificielle et les voix de synth\u00e8se. Pour la radio in-store, ces technologies ouvrent des perspectives fascinantes pour la personnalisation des messages en temps r\u00e9el. Elles soul\u00e8vent aussi des questions \u00e9thiques sur l&rsquo;identit\u00e9 vocale que l&rsquo;\u00e9v\u00e9nement abordera avec des experts.<\/p>\n\n\n\n<h2 class=\"wp-block-heading\" id=\"h-semaine-du-son-ce-qu-il-faut-retenir-pour-votre-enseigne\">Semaine du son : ce qu&rsquo;il faut retenir pour votre enseigne<\/h2>\n\n\n\n<p>La Semaine du Son de l&rsquo;UNESCO nous rappelle que le sonore est \u00ab une porte d&rsquo;acc\u00e8s au monde \u00bb. C&rsquo;est un \u00e9l\u00e9ment d\u00e9terminant de la qualit\u00e9 per\u00e7ue d&rsquo;un lieu. En participant \u00e0 cet \u00e9v\u00e9nement ou en suivant ses recommandations, vous investissez dans la qualit\u00e9 de votre relation client.<\/p>\n\n\n\n<p>\ud83d\udcc5 <strong>Dates cl\u00e9s :<\/strong> Du 19 janvier au 1er f\u00e9vrier 2026 . \ud83d\udccd <strong>Lieux :<\/strong> Paris et partout en France . \ud83c\udf10 <strong>Programme complet :<\/strong> <a target=\"_blank\" rel=\"noreferrer noopener\" href=\"http:\/\/www.lasemaineduson.org\">www.lasemaineduson.org<\/a> .<\/p>\n","protected":false},"excerpt":{"rendered":"<p>Du 19 janvier au 1er f\u00e9vrier 2026, la 23\u00e8me \u00e9dition de La Semaine du Son de l&rsquo;UNESCO placera la th\u00e9matique \u00ab Son &#038; Innovations \u00bb au c\u0153ur des d\u00e9bats. Pour les acteurs du retail et de la gestion d&rsquo;espaces publics, cet \u00e9v\u00e9nement est une opportunit\u00e9 majeure de comprendre comment une strat\u00e9gie audio ma\u00eetris\u00e9e (radio in-store, design sonore) impacte directement l&rsquo;exp\u00e9rience client et la performance commerciale.<\/p>\n","protected":false},"author":2,"featured_media":1682,"comment_status":"closed","ping_status":"open","sticky":false,"template":"","format":"standard","meta":{"footnotes":""},"categories":[81],"tags":[11],"class_list":["post-1681","post","type-post","status-publish","format-standard","has-post-thumbnail","hentry","category-en-parlant-de-musique","tag-la-semaine-du-son"],"_links":{"self":[{"href":"https:\/\/www.mediavea.com\/blog\/wp-json\/wp\/v2\/posts\/1681","targetHints":{"allow":["GET"]}}],"collection":[{"href":"https:\/\/www.mediavea.com\/blog\/wp-json\/wp\/v2\/posts"}],"about":[{"href":"https:\/\/www.mediavea.com\/blog\/wp-json\/wp\/v2\/types\/post"}],"author":[{"embeddable":true,"href":"https:\/\/www.mediavea.com\/blog\/wp-json\/wp\/v2\/users\/2"}],"replies":[{"embeddable":true,"href":"https:\/\/www.mediavea.com\/blog\/wp-json\/wp\/v2\/comments?post=1681"}],"version-history":[{"count":1,"href":"https:\/\/www.mediavea.com\/blog\/wp-json\/wp\/v2\/posts\/1681\/revisions"}],"predecessor-version":[{"id":1683,"href":"https:\/\/www.mediavea.com\/blog\/wp-json\/wp\/v2\/posts\/1681\/revisions\/1683"}],"wp:featuredmedia":[{"embeddable":true,"href":"https:\/\/www.mediavea.com\/blog\/wp-json\/wp\/v2\/media\/1682"}],"wp:attachment":[{"href":"https:\/\/www.mediavea.com\/blog\/wp-json\/wp\/v2\/media?parent=1681"}],"wp:term":[{"taxonomy":"category","embeddable":true,"href":"https:\/\/www.mediavea.com\/blog\/wp-json\/wp\/v2\/categories?post=1681"},{"taxonomy":"post_tag","embeddable":true,"href":"https:\/\/www.mediavea.com\/blog\/wp-json\/wp\/v2\/tags?post=1681"}],"curies":[{"name":"wp","href":"https:\/\/api.w.org\/{rel}","templated":true}]}}